{"id":3893,"date":"2021-09-01T00:23:12","date_gmt":"2021-08-31T22:23:12","guid":{"rendered":"https:\/\/www.arth-online.ch\/svp\/?p=3893"},"modified":"2021-09-06T00:25:31","modified_gmt":"2021-09-05T22:25:31","slug":"svp-empfiehlt-3-x-nein-am-26-september","status":"publish","type":"post","link":"http:\/\/www.arth-online.ch\/svp\/svp-empfiehlt-3-x-nein-am-26-september\/","title":{"rendered":"SVP empfiehlt 3 x Nein am 26. September"},"content":{"rendered":"<p><strong style=\"font-size:110%\">Am 31.08.2021 hat die SVP Kanton Schwyz im Hotel Roggenstock Lodge in Oberiberg die Parteiversammlung abgehalten. F\u00fcr die Abstimmungen vom 26. September empfiehlt die Kantonalpartei 3 x Nein.<\/strong><\/p>\n<figure id=\"attachment_3894\" aria-describedby=\"caption-attachment-3894\" style=\"width: 720px\" class=\"wp-caption alignnone\"><img loading=\"lazy\" decoding=\"async\" src=\"http:\/\/www.arth-online.ch\/svp\/wp-content\/uploads\/sites\/2\/2021\/09\/20210901-thomas_haas.jpg\" alt=\"\" width=\"720\" height=\"405\" class=\"size-full wp-image-3894\" srcset=\"http:\/\/www.arth-online.ch\/svp\/wp-content\/uploads\/sites\/2\/2021\/09\/20210901-thomas_haas.jpg 720w, http:\/\/www.arth-online.ch\/svp\/wp-content\/uploads\/sites\/2\/2021\/09\/20210901-thomas_haas-300x169.jpg 300w\" sizes=\"auto, (max-width: 709px) 85vw, (max-width: 909px) 67vw, (max-width: 984px) 61vw, (max-width: 1362px) 45vw, 600px\" \/><figcaption id=\"caption-attachment-3894\" class=\"wp-caption-text\">Fraktionspr\u00e4sident Thomas Haas zur \u00c4nderung des Gesetzes \u00fcber Erg\u00e4nzungsleistungen<\/figcaption><\/figure>\n<p>Die Juso-Initiative \u00abL\u00f6hne entlasten, Kapital gerecht besteuern\u00bb verwarfen die anwesenden Mitglieder klar. Die sozialistische und vom Neid gesteuerte Initiative ist nicht vereinbar mit einer freiheitlichen und von Familienbetrieben gepr\u00e4gten Schweizer Wirtschaft.<\/p>\n<p>Auch die zweite eidgen\u00f6ssische Vorlage welche eine Ehe f\u00fcr alle fordert wurde mit 77 zu 1 Stimmen deutlich abgelehnt. Die Vorlage wurde vor allem mit der neu zugelassenen Samenspende f\u00fcr lesbische Paare \u00fcberladen. Zudem wird der Ehebegriff in der Verfassung neu ausgelegt. Mit einem \u00abBuebetrickli\u00bb wurde mit der Gesetzesvorlage eine Abstimmung mit St\u00e4ndemehr umgangen. Nach Ansicht der SVP-Mitglieder widerspricht die Vorlage deshalb der Verfassung und ist auch aus staatspolitischen Gr\u00fcnden klar abzulehnen.<\/p>\n<p>Zur kantonalen Vorlage f\u00fcr die \u00c4nderung des Gesetzes \u00fcber Erg\u00e4nzungsleistungen (Streichung der Gemeindebeitr\u00e4ge an die Erg\u00e4nzungsleistungen) sagt die Kantonalpartei mit 37 zu 33 Stimmen Nein. Damit folgt die Partei der Fraktion welche die Vorlage im Kantonsrat ebenfalls abgelehnt hat. Es gab verschiedene Gemeindevertreter welche zwar f\u00fcr ein Ja pl\u00e4dierten, dies weil die Kosten\u00fcbernahme durch den Kanton eine Entlastung w\u00e4re. Durchgesetzt hat sich aber die Meinung, dass auch in unserem Kanton das f\u00f6deralistische Prinzip hochgehalten werden muss. Sobald Kosten nach oben verlagert werden, wird meistens weniger genau hingeschaut. In der Folge steigen die Kosten an und im Endeffekt hat der Steuerzahler das Nachsehen. Im Interesse der Bev\u00f6lkerung empfiehlt die SVP daher ein NEIN am 26. September.<\/p>\n","protected":false},"excerpt":{"rendered":"<p>Am 31.08.2021 hat die SVP Kanton Schwyz im Hotel Roggenstock Lodge in Oberiberg die Parteiversammlung abgehalten. F\u00fcr die Abstimmungen vom 26. September empfiehlt die Kantonalpartei 3 x Nein. Die Juso-Initiative &hellip; <a href=\"http:\/\/www.arth-online.ch\/svp\/svp-empfiehlt-3-x-nein-am-26-september\/\" class=\"more-link\"><span class=\"screen-reader-text\">\u201eSVP empfiehlt 3 x Nein am 26. September\u201c <\/span>weiterlesen<\/a><\/p>\n","protected":false},"author":1,"featured_media":0,"comment_status":"open","ping_status":"open","sticky":false,"template":"","format":"standard","meta":{"ngg_post_thumbnail":0,"footnotes":"","_links_to":"","_links_to_target":""},"categories":[6],"tags":[],"class_list":["post-3893","post","type-post","status-publish","format-standard","hentry","category-kantonalpartei"],"distributor_meta":false,"distributor_terms":false,"distributor_media":false,"distributor_original_site_name":"SVP Arth-Oberarth-Goldau","distributor_original_site_url":"http:\/\/www.arth-online.ch\/svp","push-errors":false,"_links":{"self":[{"href":"http:\/\/www.arth-online.ch\/svp\/wp-json\/wp\/v2\/posts\/3893","targetHints":{"allow":["GET"]}}],"collection":[{"href":"http:\/\/www.arth-online.ch\/svp\/wp-json\/wp\/v2\/posts"}],"about":[{"href":"http:\/\/www.arth-online.ch\/svp\/wp-json\/wp\/v2\/types\/post"}],"author":[{"embeddable":true,"href":"http:\/\/www.arth-online.ch\/svp\/wp-json\/wp\/v2\/users\/1"}],"replies":[{"embeddable":true,"href":"http:\/\/www.arth-online.ch\/svp\/wp-json\/wp\/v2\/comments?post=3893"}],"version-history":[{"count":1,"href":"http:\/\/www.arth-online.ch\/svp\/wp-json\/wp\/v2\/posts\/3893\/revisions"}],"predecessor-version":[{"id":3895,"href":"http:\/\/www.arth-online.ch\/svp\/wp-json\/wp\/v2\/posts\/3893\/revisions\/3895"}],"wp:attachment":[{"href":"http:\/\/www.arth-online.ch\/svp\/wp-json\/wp\/v2\/media?parent=3893"}],"wp:term":[{"taxonomy":"category","embeddable":true,"href":"http:\/\/www.arth-online.ch\/svp\/wp-json\/wp\/v2\/categories?post=3893"},{"taxonomy":"post_tag","embeddable":true,"href":"http:\/\/www.arth-online.ch\/svp\/wp-json\/wp\/v2\/tags?post=3893"}],"curies":[{"name":"wp","href":"https:\/\/api.w.org\/{rel}","templated":true}]}}