{"id":3660,"date":"2020-11-10T11:32:27","date_gmt":"2020-11-10T10:32:27","guid":{"rendered":"http:\/\/www.arth-online.ch\/svp\/?p=3660"},"modified":"2020-11-10T11:33:50","modified_gmt":"2020-11-10T10:33:50","slug":"nein-zur-aufstockung","status":"publish","type":"post","link":"http:\/\/www.arth-online.ch\/svp\/nein-zur-aufstockung\/","title":{"rendered":"Nein zur Aufstockung"},"content":{"rendered":"<h2>Zum Gegenvorschlag zur \u00abGeld zur\u00fcck\u00bb-Initiative<\/h2>\n<p>Die SVP stellt sich zwar als einzige politische Partei gegen den Gegenvorschlag des Kantonsrates. Jedoch ist auch der Regierungsrat gegen die Aufstockung der Energief\u00f6rderung und gegen das unn\u00f6tige Verteilen von \u00f6ffentlichen Geldern. Somit wollen wir nicht alleine, sondern zusammen mit dem Regierungsrat die Bev\u00f6lkerung davor warnen, hier vorschnell und ohne Bedarf unn\u00f6tig \u00f6ffentliche Gelder zu verteilen. <\/p>\n<p>Wenn wir diesen Gegenvorschlag hingegen ablehnen, fliessen j\u00e4hrlich immer noch die Sockelbeitr\u00e4ge von zwei Millionen, welche den Subventionen der letzten Jahre entsprechen. <\/p>\n<p>Wir stellen uns nicht komplett gegen jegliche F\u00f6rderung. Aber wir d\u00fcrfen es nicht \u00fcbertreiben und den Topf nicht \u00fcber den Bedarf hinaus auff\u00fcllen. <\/p>\n<p>Der neu mit Geld gef\u00fcllte Topf f\u00fchrt automatisch zu neuen Begehrlichkeiten. Gerade in diesen schwierigen Zeiten k\u00f6nnen wir uns keine Verschleuderung von Steuergeldern leisten, sondern m\u00fcssen sparsam mit dem Staatshaushalt umgehen. <\/p>\n<p>Ich stimme deshalb am <a href=\"http:\/\/www.arth-online.ch\/svp\/abstimmungen\/abstimmungen-2020\/abstimmung-29-november-2020\/\">29. November<\/a> Nein zum Gegenvorschlag zur \u00abGeld zur\u00fcck\u00bb-Initiative. <\/p>\n<p><img loading=\"lazy\" decoding=\"async\" src=\"http:\/\/www.arth-online.ch\/svp\/wp-content\/uploads\/sites\/2\/2020\/10\/schelbert_wendelin_400x400-150x150.jpg\" alt=\"\" width=\"150\" height=\"150\" class=\"alignnone size-thumbnail wp-image-3629\" srcset=\"http:\/\/www.arth-online.ch\/svp\/wp-content\/uploads\/sites\/2\/2020\/10\/schelbert_wendelin_400x400-150x150.jpg 150w, http:\/\/www.arth-online.ch\/svp\/wp-content\/uploads\/sites\/2\/2020\/10\/schelbert_wendelin_400x400-300x300.jpg 300w, http:\/\/www.arth-online.ch\/svp\/wp-content\/uploads\/sites\/2\/2020\/10\/schelbert_wendelin_400x400.jpg 400w\" sizes=\"auto, (max-width: 150px) 85vw, 150px\" \/><br \/>\n<em>Wendelin Schelbert, SVP-Kantonsrat, Ried-Muotathal<\/em><\/p>\n","protected":false},"excerpt":{"rendered":"<p>Zum Gegenvorschlag zur \u00abGeld zur\u00fcck\u00bb-Initiative Die SVP stellt sich zwar als einzige politische Partei gegen den Gegenvorschlag des Kantonsrates. Jedoch ist auch der Regierungsrat gegen die Aufstockung der Energief\u00f6rderung und &hellip; <a href=\"http:\/\/www.arth-online.ch\/svp\/nein-zur-aufstockung\/\" class=\"more-link\"><span class=\"screen-reader-text\">\u201eNein zur Aufstockung\u201c <\/span>weiterlesen<\/a><\/p>\n","protected":false},"author":1,"featured_media":0,"comment_status":"open","ping_status":"open","sticky":false,"template":"","format":"standard","meta":{"ngg_post_thumbnail":0,"footnotes":"","_links_to":"","_links_to_target":""},"categories":[9],"tags":[],"class_list":["post-3660","post","type-post","status-publish","format-standard","hentry","category-leserbrief"],"distributor_meta":false,"distributor_terms":false,"distributor_media":false,"distributor_original_site_name":"SVP Arth-Oberarth-Goldau","distributor_original_site_url":"http:\/\/www.arth-online.ch\/svp","push-errors":false,"_links":{"self":[{"href":"http:\/\/www.arth-online.ch\/svp\/wp-json\/wp\/v2\/posts\/3660","targetHints":{"allow":["GET"]}}],"collection":[{"href":"http:\/\/www.arth-online.ch\/svp\/wp-json\/wp\/v2\/posts"}],"about":[{"href":"http:\/\/www.arth-online.ch\/svp\/wp-json\/wp\/v2\/types\/post"}],"author":[{"embeddable":true,"href":"http:\/\/www.arth-online.ch\/svp\/wp-json\/wp\/v2\/users\/1"}],"replies":[{"embeddable":true,"href":"http:\/\/www.arth-online.ch\/svp\/wp-json\/wp\/v2\/comments?post=3660"}],"version-history":[{"count":2,"href":"http:\/\/www.arth-online.ch\/svp\/wp-json\/wp\/v2\/posts\/3660\/revisions"}],"predecessor-version":[{"id":3662,"href":"http:\/\/www.arth-online.ch\/svp\/wp-json\/wp\/v2\/posts\/3660\/revisions\/3662"}],"wp:attachment":[{"href":"http:\/\/www.arth-online.ch\/svp\/wp-json\/wp\/v2\/media?parent=3660"}],"wp:term":[{"taxonomy":"category","embeddable":true,"href":"http:\/\/www.arth-online.ch\/svp\/wp-json\/wp\/v2\/categories?post=3660"},{"taxonomy":"post_tag","embeddable":true,"href":"http:\/\/www.arth-online.ch\/svp\/wp-json\/wp\/v2\/tags?post=3660"}],"curies":[{"name":"wp","href":"https:\/\/api.w.org\/{rel}","templated":true}]}}