{"id":3619,"date":"2020-10-21T10:32:33","date_gmt":"2020-10-21T08:32:33","guid":{"rendered":"http:\/\/www.arth-online.ch\/svp\/?p=3619"},"modified":"2020-10-21T10:32:33","modified_gmt":"2020-10-21T08:32:33","slug":"in-den-suempfen-von-bern-episode-120","status":"publish","type":"post","link":"http:\/\/www.arth-online.ch\/svp\/in-den-suempfen-von-bern-episode-120\/","title":{"rendered":"In den S\u00fcmpfen von Bern \u2013 Episode 120"},"content":{"rendered":"<h2>Gef\u00e4hrliche Konzernvertreibungsinitiative<\/h2>\n<p>Brandgef\u00e4hrlich! Am 29. November stimmen wir \u00fcber die sogenannte Konzernverantwortungs-Initiative ab. Eigentlich ist das linke Anliegen aber nichts anders als eine Konzernvertreibungs-Initiative. H\u00f6ren Sie dazu meinen Kommentar! Wie denken Sie dar\u00fcber?<\/p>\n<p><iframe loading=\"lazy\" title=\"Gef\u00e4hrliche Konzernvertreibungsinitiative\" width=\"840\" height=\"473\" src=\"https:\/\/www.youtube.com\/embed\/-i4Wqb-SSOM?feature=oembed\" frameborder=\"0\" allow=\"accelerometer; autoplay; clipboard-write; encrypted-media; gyroscope; picture-in-picture\" allowfullscreen><\/iframe><\/p>\n","protected":false},"excerpt":{"rendered":"<p>Gef\u00e4hrliche Konzernvertreibungsinitiative Brandgef\u00e4hrlich! Am 29. November stimmen wir \u00fcber die sogenannte Konzernverantwortungs-Initiative ab. Eigentlich ist das linke Anliegen aber nichts anders als eine Konzernvertreibungs-Initiative. H\u00f6ren Sie dazu meinen Kommentar! Wie &hellip; <a href=\"http:\/\/www.arth-online.ch\/svp\/in-den-suempfen-von-bern-episode-120\/\" class=\"more-link\"><span class=\"screen-reader-text\">\u201eIn den S\u00fcmpfen von Bern \u2013 Episode 120\u201c <\/span>weiterlesen<\/a><\/p>\n","protected":false},"author":1,"featured_media":0,"comment_status":"open","ping_status":"open","sticky":false,"template":"","format":"standard","meta":{"ngg_post_thumbnail":0,"footnotes":"","_links_to":"","_links_to_target":""},"categories":[7],"tags":[],"class_list":["post-3619","post","type-post","status-publish","format-standard","hentry","category-svp-schweiz"],"distributor_meta":false,"distributor_terms":false,"distributor_media":false,"distributor_original_site_name":"SVP Arth-Oberarth-Goldau","distributor_original_site_url":"http:\/\/www.arth-online.ch\/svp","push-errors":false,"_links":{"self":[{"href":"http:\/\/www.arth-online.ch\/svp\/wp-json\/wp\/v2\/posts\/3619","targetHints":{"allow":["GET"]}}],"collection":[{"href":"http:\/\/www.arth-online.ch\/svp\/wp-json\/wp\/v2\/posts"}],"about":[{"href":"http:\/\/www.arth-online.ch\/svp\/wp-json\/wp\/v2\/types\/post"}],"author":[{"embeddable":true,"href":"http:\/\/www.arth-online.ch\/svp\/wp-json\/wp\/v2\/users\/1"}],"replies":[{"embeddable":true,"href":"http:\/\/www.arth-online.ch\/svp\/wp-json\/wp\/v2\/comments?post=3619"}],"version-history":[{"count":1,"href":"http:\/\/www.arth-online.ch\/svp\/wp-json\/wp\/v2\/posts\/3619\/revisions"}],"predecessor-version":[{"id":3620,"href":"http:\/\/www.arth-online.ch\/svp\/wp-json\/wp\/v2\/posts\/3619\/revisions\/3620"}],"wp:attachment":[{"href":"http:\/\/www.arth-online.ch\/svp\/wp-json\/wp\/v2\/media?parent=3619"}],"wp:term":[{"taxonomy":"category","embeddable":true,"href":"http:\/\/www.arth-online.ch\/svp\/wp-json\/wp\/v2\/categories?post=3619"},{"taxonomy":"post_tag","embeddable":true,"href":"http:\/\/www.arth-online.ch\/svp\/wp-json\/wp\/v2\/tags?post=3619"}],"curies":[{"name":"wp","href":"https:\/\/api.w.org\/{rel}","templated":true}]}}