{"id":998,"date":"2001-02-07T17:13:44","date_gmt":"2001-02-07T16:13:44","guid":{"rendered":"http:\/\/cvp.arth-online.ch\/?p=998"},"modified":"2001-02-07T17:13:44","modified_gmt":"2001-02-07T16:13:44","slug":"nein-zur-europa-initiative","status":"publish","type":"post","link":"http:\/\/www.arth-online.ch\/cvp\/nein-zur-europa-initiative\/","title":{"rendered":"Nein zur Europa-Initiative"},"content":{"rendered":"<p><strong>Am Abstimmungswochenende vom 4. M\u00e4rz 2001 ist \u00fcber die Initiative &#8222;Ja zu Europa&#8220;, die Initiative &#8222;f\u00fcr tiefere Arzneimittelpreise&#8220; und die Initiative &#8222;Strassen f\u00fcr alle&#8220; zu entscheiden. Dar\u00fcber hinaus ist \u00fcber den Verpflichtungskredit von Fr. 510&#8217;000.\u2014 f\u00fcr die Sanierung des Kindergartens Oberarth zu befinden. Die CVP Arth-Oberarth-Goldau empfiehlt f\u00fcr alle drei Initiativen die Nein-Parole, f\u00fcr den Kindergarten Oberarth hingegen die Ja-Parole. Diese Woche wird die Initiative &#8222;Ja zu Europe&#8220; genauer betrachtet.<\/strong><\/p>\n<h2>Absicht der Initiative &#8222;Ja zu Europa&#8220;<\/h2>\n<p>Die Initiative verlangt, dass unverz\u00fcglich Beitrittsverhandlungen mit der Europ\u00e4ischen Union (EU) aufgenommen werden. Die Schweiz soll sich am europ\u00e4ischen Integrationsprozess beteiligen und einen Beitritt zur Europ\u00e4ischen Union anstreben.<\/p>\n<h2>Schlechter Zeitpunkt f\u00fcr Verhandlungen<\/h2>\n<p>Die ersten bilateralen Abkommen zwischen der Schweiz und der Europ\u00e4ischen Union sind erst gerade abgeschlossen worden. Daraus sind die Ergebnisse und die Erfahrungen in der Zusammenarbeit mit der EU vorerst zu pr\u00fcfen. Soeben sind Verhandlungen betreffend weiterer bilateraler Abkommen aufgenommen worden. Die EU hat derzeit grosse Probleme mit sich selber. Die undurchsichtige und schwerf\u00e4llige B\u00fcrokratie sowie die schleppende Durchsetzung von EU-Bestimmungen durch deren Mitglieder w\u00e4ren denkbar schlechte Voraussetzungen f\u00fcr einen Betritt. Die Mitwirkungsrechte bzw. das politische Gewicht der kleinen Mitglieder (wie die Schweiz eines w\u00e4re) w\u00e4ren sehr bescheiden. Zudem hat die EU noch grosse Probleme mit der sog. Osterweiterung zu l\u00f6sen.<\/p>\n<h2>Beitrittsverhandlung unter Zeitdruck ung\u00fcnstig<\/h2>\n<p>Wenn der Bundesrat nun tats\u00e4chlich vom Volk den Auftrag erhalten sollte, unverz\u00fcglich Beitrittsverhandlungen aufzunehmen, so w\u00fcrde dies die Verhandlungsposition der Schweiz erheblich schw\u00e4chen. Die EU w\u00fcsste dann unmissverst\u00e4ndlich, dass der Bundesrat gem\u00e4ss dem Volkswillen sofort verhandeln muss und w\u00fcrde mit Sicherheit schlechtere Aufnahmebedingungen offerieren, als wenn irgendwann Verhandlungen ohne Druck und ohne Auftrag gef\u00fchrt werden k\u00f6nnen.<\/p>\n<h2>Fazit<\/h2>\n<p>Die Initiative &#8222;Ja zu Europa&#8220; verlangt zu einem denkbar schlechten Zeitpunkt vom Bundesrat die unverz\u00fcgliche Aufnahme von Beitrittsverhandlungen mit der EU. Zuerst sind die Erfahrungen im Rahmen der bilateralen Vertr\u00e4ge zu machen und die Osterweiterung ist abzuwarten. Der geeignete Zeitpunkt f\u00fcr allf\u00e4llige Beitrittsverhandlungen ist aufgrund der k\u00fcnftigen Entwicklung der EU sorgf\u00e4ltig zu w\u00e4hlen. Derzeit ist die Zeit nicht reif. Die CVP Arth-Oberarth-Goldau empfiehlt deshalb die Ablehnung der Initiative &#8222;Ja zu Europa&#8220;.<\/p>\n<h2>Abstimmungsparolen CVP Arth-Oberarth-Goldau f\u00fcr den 04.03.2001<\/h2>\n<div class=\"wc-shortcodes-row wc-shortcodes-item wc-shortcodes-clearfix\">\n<div class=\"wc-shortcodes-column wc-shortcodes-content wc-shortcodes-three-fourth wc-shortcodes-column-first \">Initiative &#8222;Ja zu Europa&#8220;<\/div>\n<div class=\"wc-shortcodes-column wc-shortcodes-content wc-shortcodes-one-fourth wc-shortcodes-column-last \">\n<div class=\"wc-shortcodes-box wc-shortcodes-item wc-shortcodes-content wc-shortcodes-clearfix wc-shortcodes-box-danger \" style=\"text-align:center;\"> NEIN<\/div>\n<\/div>\n<\/div>\n<div class=\"wc-shortcodes-row wc-shortcodes-item wc-shortcodes-clearfix\">\n<div class=\"wc-shortcodes-column wc-shortcodes-content wc-shortcodes-three-fourth wc-shortcodes-column-first \">Initiative &#8222;f\u00fcr tiefere Arzneimittelpreise&#8220;<\/div>\n<div class=\"wc-shortcodes-column wc-shortcodes-content wc-shortcodes-one-fourth wc-shortcodes-column-last \">\n<div class=\"wc-shortcodes-box wc-shortcodes-item wc-shortcodes-content wc-shortcodes-clearfix wc-shortcodes-box-danger \" style=\"text-align:center;\"> NEIN<\/div>\n<\/div>\n<\/div>\n<div class=\"wc-shortcodes-row wc-shortcodes-item wc-shortcodes-clearfix\">\n<div class=\"wc-shortcodes-column wc-shortcodes-content wc-shortcodes-three-fourth wc-shortcodes-column-first \">Initiative &#8222;Strassen f\u00fcr alle&#8220;<\/div>\n<div class=\"wc-shortcodes-column wc-shortcodes-content wc-shortcodes-one-fourth wc-shortcodes-column-last \">\n<div class=\"wc-shortcodes-box wc-shortcodes-item wc-shortcodes-content wc-shortcodes-clearfix wc-shortcodes-box-danger \" style=\"text-align:center;\"> NEIN<\/div>\n<\/div>\n<\/div>\n<hr class=\"wc-shortcodes-divider wc-shortcodes-item wc-shortcodes-divider-line-single wc-shortcodes-divider-style-solid \"  \/>\n<div class=\"wc-shortcodes-row wc-shortcodes-item wc-shortcodes-clearfix\">\n<div class=\"wc-shortcodes-column wc-shortcodes-content wc-shortcodes-three-fourth wc-shortcodes-column-first \">Sanierung Kindergarten Oberarth<\/div>\n<div class=\"wc-shortcodes-column wc-shortcodes-content wc-shortcodes-one-fourth wc-shortcodes-column-last \">\n<div class=\"wc-shortcodes-box wc-shortcodes-item wc-shortcodes-content wc-shortcodes-clearfix wc-shortcodes-box-success \" style=\"text-align:center;\"> JA<\/div>\n<\/div>\n<\/div>\n","protected":false},"excerpt":{"rendered":"<p>Am Abstimmungswochenende vom 4. M\u00e4rz 2001 ist \u00fcber die Initiative &#8222;Ja zu Europa&#8220;, die Initiative &#8222;f\u00fcr tiefere Arzneimittelpreise&#8220; und die Initiative &#8222;Strassen f\u00fcr alle&#8220; zu entscheiden. Dar\u00fcber hinaus ist \u00fcber den Verpflichtungskredit von Fr. 510&#8217;000.\u2014 f\u00fcr die Sanierung des Kindergartens Oberarth zu befinden. Die CVP Arth-Oberarth-Goldau empfiehlt f\u00fcr alle drei Initiativen die Nein-Parole, f\u00fcr den &hellip; <a href=\"http:\/\/www.arth-online.ch\/cvp\/nein-zur-europa-initiative\/\" class=\"more-link\"><span class=\"screen-reader-text\">\u201eNein zur Europa-Initiative\u201c <\/span>weiterlesen<\/a><\/p>\n","protected":false},"author":1,"featured_media":0,"comment_status":"closed","ping_status":"closed","sticky":false,"template":"","format":"standard","meta":{"ngg_post_thumbnail":0,"footnotes":""},"categories":[2],"tags":[],"class_list":["post-998","post","type-post","status-publish","format-standard","hentry","category-abstimmungsempfehlungen"],"_links":{"self":[{"href":"http:\/\/www.arth-online.ch\/cvp\/wp-json\/wp\/v2\/posts\/998","targetHints":{"allow":["GET"]}}],"collection":[{"href":"http:\/\/www.arth-online.ch\/cvp\/wp-json\/wp\/v2\/posts"}],"about":[{"href":"http:\/\/www.arth-online.ch\/cvp\/wp-json\/wp\/v2\/types\/post"}],"author":[{"embeddable":true,"href":"http:\/\/www.arth-online.ch\/cvp\/wp-json\/wp\/v2\/users\/1"}],"replies":[{"embeddable":true,"href":"http:\/\/www.arth-online.ch\/cvp\/wp-json\/wp\/v2\/comments?post=998"}],"version-history":[{"count":0,"href":"http:\/\/www.arth-online.ch\/cvp\/wp-json\/wp\/v2\/posts\/998\/revisions"}],"wp:attachment":[{"href":"http:\/\/www.arth-online.ch\/cvp\/wp-json\/wp\/v2\/media?parent=998"}],"wp:term":[{"taxonomy":"category","embeddable":true,"href":"http:\/\/www.arth-online.ch\/cvp\/wp-json\/wp\/v2\/categories?post=998"},{"taxonomy":"post_tag","embeddable":true,"href":"http:\/\/www.arth-online.ch\/cvp\/wp-json\/wp\/v2\/tags?post=998"}],"curies":[{"name":"wp","href":"https:\/\/api.w.org\/{rel}","templated":true}]}}