{"id":994,"date":"2001-01-02T17:00:54","date_gmt":"2001-01-02T16:00:54","guid":{"rendered":"http:\/\/cvp.arth-online.ch\/?p=994"},"modified":"2001-01-02T17:00:54","modified_gmt":"2001-01-02T16:00:54","slug":"orkan-und-unwetterwarnung-anstoss-aus-goldau-umgesetzt","status":"publish","type":"post","link":"http:\/\/www.arth-online.ch\/cvp\/orkan-und-unwetterwarnung-anstoss-aus-goldau-umgesetzt\/","title":{"rendered":"Orkan- und Unwetterwarnung: Anstoss aus Goldau umgesetzt!"},"content":{"rendered":"<p><strong>Vor ungef\u00e4hr einem Jahr hat der Orkan &#8222;Lothar&#8220; weite Teile der Schweiz heimgesucht und zahllose Verw\u00fcstungen angerichtet. Auch Todesopfer gab es zu beklagen. Die Rigi-Sender fielen l\u00e4ngere Zeit aus und mit ihnen viele Umsetzer in der ganzen Zentralschweiz. Informationen \u00fcber Radio oder TV waren deshalb nicht m\u00f6glich. Die Bev\u00f6lkerung wurde vor dem orkanartigen Sturm nicht gewarnt. In der Folge wurde aus Goldau ein Vorstoss in die Wege geleitet, welcher eine koordinierte Sturm- und Unwetterwarnung in der Schweiz zum Ziel hatte. Nun sind erste Verbesserungen hinsichtlich Orkan- und Unwetterwarnung umgesetzt worden.<\/strong><\/p>\n<p><figure id=\"attachment_995\" aria-describedby=\"caption-attachment-995\" style=\"width: 840px\" class=\"wp-caption alignnone\"><img loading=\"lazy\" decoding=\"async\" src=\"http:\/\/www.arth-online.ch\/cvp\/wp-content\/uploads\/sites\/6\/2017\/02\/PC262987-1024x768.jpg\" alt=\"\" width=\"840\" height=\"630\" class=\"size-large wp-image-995\" srcset=\"http:\/\/www.arth-online.ch\/cvp\/wp-content\/uploads\/sites\/6\/2017\/02\/PC262987.jpg 1024w, http:\/\/www.arth-online.ch\/cvp\/wp-content\/uploads\/sites\/6\/2017\/02\/PC262987-300x225.jpg 300w, http:\/\/www.arth-online.ch\/cvp\/wp-content\/uploads\/sites\/6\/2017\/02\/PC262987-768x576.jpg 768w\" sizes=\"auto, (max-width: 709px) 85vw, (max-width: 909px) 67vw, (max-width: 1362px) 62vw, 840px\" \/><figcaption id=\"caption-attachment-995\" class=\"wp-caption-text\">Sturm Lothar<\/figcaption><\/figure>Am 26. Dezember 1999 fegte der Orkan &#8222;Lothar&#8220; \u00fcber die Schweiz hinweg. Er richtete enorme Sch\u00e4den an Geb\u00e4uden und B\u00e4umen an und t\u00f6tete 15 Menschen. Die Gemeinde Arth war vom Sturm stark betroffen. Viele Geb\u00e4ude wurden besch\u00e4digt, der Natur- und Tierpark verw\u00fcstet und ein Mensch so schwer verletzt, dass er daran starb. Eine Vorwarnung \u00fcber die Schweizerische Meteorologische Anstalt, bzw. \u00fcber Radio oder TV gab es nicht. Die Sender auf der Rigi (Radio und TV) fielen sogar w\u00e4hrend l\u00e4ngerer Zeit aus, weil &#8222;Lothar&#8220; die Stromzufuhr abgeschnitten hatte. Deshalb funktionierten auch die vielen von den Sendern auf der Rigi gespeisten Umsetzer in der Zentralschweiz nicht. Bereits im Januar 2000 regte ein Goldauer bei verschiedenen Stellen an, eine koordinierte Orkan- und Unwetterwarnung einzuf\u00fchren. U.a. wurde ein von ca. 40 Parlamentariern unterzeichnetes Postulat an den Bundesrat eingereicht. Und die Verantwortlichen (Meteorologen, etc.) zogen ihre Lehren.<\/p>\n<p>Ab sofort werden die Wetterwarnungen <strong>deutlicher<\/strong> formuliert. Dabei wird k\u00fcnftig auch das Wort <strong>&#8222;orkanartig&#8220;<\/strong> vorkommen, um jedermann den Ernst der Lage klar zu machen. Die Radioredaktionen k\u00f6nnen im Wetterbericht aufgrund eines speziell hervorgehobenen Vermerks feststellen, ob eine ungew\u00f6hnliche (gef\u00e4hrliche) Situation vorliegt und dies den Radioh\u00f6rern entsprechend mitteilen. Die Zusammenarbeit zwischen MeteoSchweiz und den Kantonen bei der \u00dcbermittlung von Warnungen wurde ebenfalls verbessert. Schliesslich soll noch die geografische Genauigkeit bei den Prognosen erh\u00f6ht werden. Zu guter Letzt wird neu auch die Nationale Alarmzentrale (NAZ) in die Orkan- und Unwetterwarnung einbezogen. Sie wird k\u00fcnftig nicht nur bei Atom- und Chemieunf\u00e4llen, sondern auch bei extremen Wetterlagen aktiv werden.<\/p>\n","protected":false},"excerpt":{"rendered":"<p>Vor ungef\u00e4hr einem Jahr hat der Orkan &#8222;Lothar&#8220; weite Teile der Schweiz heimgesucht und zahllose Verw\u00fcstungen angerichtet. Auch Todesopfer gab es zu beklagen. Die Rigi-Sender fielen l\u00e4ngere Zeit aus und mit ihnen viele Umsetzer in der ganzen Zentralschweiz. Informationen \u00fcber Radio oder TV waren deshalb nicht m\u00f6glich. Die Bev\u00f6lkerung wurde vor dem orkanartigen Sturm nicht &hellip; <a href=\"http:\/\/www.arth-online.ch\/cvp\/orkan-und-unwetterwarnung-anstoss-aus-goldau-umgesetzt\/\" class=\"more-link\"><span class=\"screen-reader-text\">\u201eOrkan- und Unwetterwarnung: Anstoss aus Goldau umgesetzt!\u201c <\/span>weiterlesen<\/a><\/p>\n","protected":false},"author":1,"featured_media":0,"comment_status":"closed","ping_status":"closed","sticky":false,"template":"","format":"standard","meta":{"ngg_post_thumbnail":0,"footnotes":""},"categories":[1],"tags":[],"class_list":["post-994","post","type-post","status-publish","format-standard","hentry","category-allgemein"],"_links":{"self":[{"href":"http:\/\/www.arth-online.ch\/cvp\/wp-json\/wp\/v2\/posts\/994","targetHints":{"allow":["GET"]}}],"collection":[{"href":"http:\/\/www.arth-online.ch\/cvp\/wp-json\/wp\/v2\/posts"}],"about":[{"href":"http:\/\/www.arth-online.ch\/cvp\/wp-json\/wp\/v2\/types\/post"}],"author":[{"embeddable":true,"href":"http:\/\/www.arth-online.ch\/cvp\/wp-json\/wp\/v2\/users\/1"}],"replies":[{"embeddable":true,"href":"http:\/\/www.arth-online.ch\/cvp\/wp-json\/wp\/v2\/comments?post=994"}],"version-history":[{"count":0,"href":"http:\/\/www.arth-online.ch\/cvp\/wp-json\/wp\/v2\/posts\/994\/revisions"}],"wp:attachment":[{"href":"http:\/\/www.arth-online.ch\/cvp\/wp-json\/wp\/v2\/media?parent=994"}],"wp:term":[{"taxonomy":"category","embeddable":true,"href":"http:\/\/www.arth-online.ch\/cvp\/wp-json\/wp\/v2\/categories?post=994"},{"taxonomy":"post_tag","embeddable":true,"href":"http:\/\/www.arth-online.ch\/cvp\/wp-json\/wp\/v2\/tags?post=994"}],"curies":[{"name":"wp","href":"https:\/\/api.w.org\/{rel}","templated":true}]}}