{"id":277,"date":"2012-03-13T21:41:21","date_gmt":"2012-03-13T20:41:21","guid":{"rendered":"http:\/\/cvp.arth-online.ch\/?p=277"},"modified":"2020-03-10T00:44:56","modified_gmt":"2020-03-09T23:44:56","slug":"dummermuth-und-beeler-im-kantonsrat","status":"publish","type":"post","link":"http:\/\/www.arth-online.ch\/cvp\/dummermuth-und-beeler-im-kantonsrat\/","title":{"rendered":"Dummermuth und Beeler im Kantonsrat"},"content":{"rendered":"<p>Bei den Kantonsratswahlen vom 11. M\u00e4rz 2012 konnte die CVP Arth-Oberarth-Goldau ihre beiden Vollmandate erfolgreich verteidigen und Stimmkraft zulegen. Gew\u00e4hlt wurden die bisherigen Adrian Dummermuth, Goldau, und Bruno Beeler, Goldau. Die CVP gratuliert und dankt. Bei den Regierungsratswahlen hat Stefan Aschwanden die Wahl leider um 240 Stimmen verpasst.<\/p>\n<p>Kantonsrat Adrian Dummermuth wurde mit dem absoluten Spitzenergebnis von 1613 Stimmen und Bruno Beeler mit 1256 Stimmen in den Kantonsrat gew\u00e4hlt. Beide werden ihre Kompetenz und ihre Qualit\u00e4t im Kantonsparlament erneut unter Beweis stellen. Die CVP Arth-Oberarth-Goldau gratuliert herzlich den gew\u00e4hlten Kandidaten.<\/p>\n<div class=\"wc-shortcodes-row wc-shortcodes-item wc-shortcodes-clearfix\">\n<div class=\"wc-shortcodes-column wc-shortcodes-content wc-shortcodes-one-half wc-shortcodes-column-first \">\n<img loading=\"lazy\" decoding=\"async\" src=\"http:\/\/www.arth-online.ch\/cvp\/wp-content\/uploads\/sites\/6\/2012\/03\/dummermuth_adrian_2012-200.jpg\" alt=\"dummermuth_adrian_2012-200\" width=\"200\" height=\"300\" class=\"alignnone size-full wp-image-281\" \/><br \/>\nAdrian Dummermuth<br \/>\nKantonsrat, bisher\n<\/div>\n<div class=\"wc-shortcodes-column wc-shortcodes-content wc-shortcodes-one-half wc-shortcodes-column-last \">\n<img loading=\"lazy\" decoding=\"async\" src=\"http:\/\/www.arth-online.ch\/cvp\/wp-content\/uploads\/sites\/6\/2012\/03\/beeler_bruno_2012-200.jpg\" alt=\"beeler_bruno_2012-200\" width=\"200\" height=\"300\" class=\"alignnone size-full wp-image-280\" \/><br \/>\nBruno Beeler<br \/>\nKantonsrat, bisher\n<\/div>\n<\/div>\n<p>Die CVP Arth-Oberarth-Goldau dankt allen W\u00e4hlerinnen und W\u00e4hlern der Gemeinde Arth f\u00fcr die breite Unterst\u00fctzung bei den Kantonsratswahlen und bei den Regierungsratswahlen. Sie haben damit in die Zukunft investiert. Denn die Kandidaten der CVP werden in Schwyz der Bev\u00f6lkerung auch etwas n\u00fctzen und nicht nur den Platz besetzen.<\/p>\n<p>Auf der Liste 3 der CVP wurden folgende Einzelstimmen erzielt: Adrian Dummermuth 1613; Bruno Beeler 1256; Stefan Eichhorn 855; Suanne Marty-Schelbert 757; Fredi Ketterer 707; Urs Hospenthal 680; Werner Hardegger 490. Der W\u00e4hleranteil konnte im Vergleich zu den Wahlen von 2008 gesteigert werden. Stefan Aschwanden hat die Wahl in den Regierungsrat um nur gerade 240 Stimmen verpasst, dies bei erhaltenen 17283 Stimmen im ganzen Kanton. Damit wurde eine hervorragende Chance verpasst, den Kanton Schwyz weiter zu bringen. Leider muss davon ausgegangen werden, dass in den n\u00e4chsten 4 Jahren die neu zusammen gesetzte Regierung die anstehenden Probleme nicht l\u00f6sen wird.<\/p>\n<p>Allen Kandidaten der CVP (insbesondere auch den nicht gew\u00e4hlten) und allen Wahlhelfern dankt die Ortspartei herzlich f\u00fcr den grossen Einsatz und den Aufwand.<\/p>\n","protected":false},"excerpt":{"rendered":"<p>Bei den Kantonsratswahlen vom 11. M\u00e4rz 2012 konnte die CVP Arth-Oberarth-Goldau ihre beiden Vollmandate erfolgreich verteidigen und Stimmkraft zulegen. Gew\u00e4hlt wurden die bisherigen Adrian Dummermuth, Goldau, und Bruno Beeler, Goldau. Die CVP gratuliert und dankt. Bei den Regierungsratswahlen hat Stefan Aschwanden die Wahl leider um 240 Stimmen verpasst. Kantonsrat Adrian Dummermuth wurde mit dem absoluten &hellip; <a href=\"http:\/\/www.arth-online.ch\/cvp\/dummermuth-und-beeler-im-kantonsrat\/\" class=\"more-link\"><span class=\"screen-reader-text\">\u201eDummermuth und Beeler im Kantonsrat\u201c <\/span>weiterlesen<\/a><\/p>\n","protected":false},"author":1,"featured_media":0,"comment_status":"closed","ping_status":"closed","sticky":false,"template":"","format":"standard","meta":{"ngg_post_thumbnail":0,"footnotes":""},"categories":[5],"tags":[],"class_list":["post-277","post","type-post","status-publish","format-standard","hentry","category-kantonsratswahlen"],"_links":{"self":[{"href":"http:\/\/www.arth-online.ch\/cvp\/wp-json\/wp\/v2\/posts\/277","targetHints":{"allow":["GET"]}}],"collection":[{"href":"http:\/\/www.arth-online.ch\/cvp\/wp-json\/wp\/v2\/posts"}],"about":[{"href":"http:\/\/www.arth-online.ch\/cvp\/wp-json\/wp\/v2\/types\/post"}],"author":[{"embeddable":true,"href":"http:\/\/www.arth-online.ch\/cvp\/wp-json\/wp\/v2\/users\/1"}],"replies":[{"embeddable":true,"href":"http:\/\/www.arth-online.ch\/cvp\/wp-json\/wp\/v2\/comments?post=277"}],"version-history":[{"count":1,"href":"http:\/\/www.arth-online.ch\/cvp\/wp-json\/wp\/v2\/posts\/277\/revisions"}],"predecessor-version":[{"id":1482,"href":"http:\/\/www.arth-online.ch\/cvp\/wp-json\/wp\/v2\/posts\/277\/revisions\/1482"}],"wp:attachment":[{"href":"http:\/\/www.arth-online.ch\/cvp\/wp-json\/wp\/v2\/media?parent=277"}],"wp:term":[{"taxonomy":"category","embeddable":true,"href":"http:\/\/www.arth-online.ch\/cvp\/wp-json\/wp\/v2\/categories?post=277"},{"taxonomy":"post_tag","embeddable":true,"href":"http:\/\/www.arth-online.ch\/cvp\/wp-json\/wp\/v2\/tags?post=277"}],"curies":[{"name":"wp","href":"https:\/\/api.w.org\/{rel}","templated":true}]}}