{"id":266,"date":"2012-03-21T18:01:40","date_gmt":"2012-03-21T17:01:40","guid":{"rendered":"http:\/\/cvp.arth-online.ch\/?p=266"},"modified":"2012-03-21T18:01:40","modified_gmt":"2012-03-21T17:01:40","slug":"engagierte-und-erfahrene-persoenlichkeiten-in-den-gemeinderat","status":"publish","type":"post","link":"http:\/\/www.arth-online.ch\/cvp\/engagierte-und-erfahrene-persoenlichkeiten-in-den-gemeinderat\/","title":{"rendered":"Engagierte und erfahrene Pers\u00f6nlichkeiten in den Gemeinderat"},"content":{"rendered":"<p>Die CVP Arth-Oberarth-Goldau konnte f\u00fcr die kommenden Gemeindewahlen vom 29. April 2012 wiederum engagierte und erfahrene Pers\u00f6nlichkeiten als Kandidaten gewinnen: <strong>Peter Probst<\/strong>, Goldau, bisher, als <strong>Gemeindepr\u00e4sident<\/strong>; <strong>Ruedi Beeler<\/strong>, Goldau, bisher, als <strong>Gemeinderat<\/strong>; <strong>Monika Weber-Reichlin<\/strong>, Arth, bisher als <strong>Gemeinder\u00e4tin<\/strong>; <strong>Franz Huser<\/strong>, Goldau, bisher, als <strong>Gemeindeschreiber<\/strong>; <strong>Urban Baumann<\/strong>, Goldau, neu, als <strong>Rechnungspr\u00fcfer<\/strong>, und <strong>Roland Betschart<\/strong>, Goldau, neu, als <strong>Rechnungspr\u00fcfer<\/strong>.<\/p>\n<p>Diese vorgeschlagenen Personen garantieren eine hervorragende Qualit\u00e4t der politischen Ar-beit und einen ausserordentlichen Einsatz. W\u00e4hlen Sie diese engagierten Pers\u00f6nlichkeiten mit der Liste 1.<\/p>\n<div class=\"wc-shortcodes-row wc-shortcodes-item wc-shortcodes-clearfix\">\n<div class=\"wc-shortcodes-column wc-shortcodes-content wc-shortcodes-one-fourth wc-shortcodes-column-first \">\nals\u00a0Gemeindepr\u00e4sident<br \/>\n<img loading=\"lazy\" decoding=\"async\" class=\"alignnone size-full wp-image-177\" src=\"http:\/\/www.arth-online.ch\/cvp\/wp-content\/uploads\/sites\/6\/2016\/11\/probst_peter_2012-200.jpg\" alt=\"probst_peter_2012-200\" width=\"200\" height=\"280\" \/><br \/>\n<strong>Peter Probst<\/strong>, bisher\n<\/div>\n<div class=\"wc-shortcodes-column wc-shortcodes-content wc-shortcodes-one-fourth wc-shortcodes-column- \">\nals Gemeinder\u00e4tin<br \/>\n<img loading=\"lazy\" decoding=\"async\" class=\"alignnone size-full wp-image-248\" src=\"http:\/\/www.arth-online.ch\/cvp\/wp-content\/uploads\/sites\/6\/2012\/05\/weber_monika_2012-200.jpg\" alt=\"weber_monika_2012-200\" width=\"200\" height=\"280\" \/><br \/>\n<strong>Monika Weber<\/strong>, bisher\n<\/div>\n<div class=\"wc-shortcodes-column wc-shortcodes-content wc-shortcodes-one-fourth wc-shortcodes-column- \">\nals Gemeinderat<br \/>\n<img loading=\"lazy\" decoding=\"async\" class=\"alignnone size-full wp-image-249\" src=\"http:\/\/www.arth-online.ch\/cvp\/wp-content\/uploads\/sites\/6\/2012\/05\/beeler_ruedi_2012-200.jpg\" alt=\"beeler_ruedi_2012-200\" width=\"200\" height=\"280\" \/><br \/>\n<strong>Ruedi Beeler<\/strong>, bisher\n<\/div>\n<div class=\"wc-shortcodes-column wc-shortcodes-content wc-shortcodes-one-fourth wc-shortcodes-column-last \">\nals Gemeineschreiber<br \/>\n<img loading=\"lazy\" decoding=\"async\" class=\"alignnone size-full wp-image-247\" src=\"http:\/\/www.arth-online.ch\/cvp\/wp-content\/uploads\/sites\/6\/2012\/05\/huser_franz_2012-200.jpg\" alt=\"huser_franz_2012-200\" width=\"200\" height=\"280\" \/><br \/>\n<strong>Franz Huser<\/strong>, bisher\n<\/div>\n<\/div>\n","protected":false},"excerpt":{"rendered":"<p>Die CVP Arth-Oberarth-Goldau konnte f\u00fcr die kommenden Gemeindewahlen vom 29. April 2012 wiederum engagierte und erfahrene Pers\u00f6nlichkeiten als Kandidaten gewinnen: Peter Probst, Goldau, bisher, als Gemeindepr\u00e4sident; Ruedi Beeler, Goldau, bisher, als Gemeinderat; Monika Weber-Reichlin, Arth, bisher als Gemeinder\u00e4tin; Franz Huser, Goldau, bisher, als Gemeindeschreiber; Urban Baumann, Goldau, neu, als Rechnungspr\u00fcfer, und Roland Betschart, Goldau, neu, &hellip; <a href=\"http:\/\/www.arth-online.ch\/cvp\/engagierte-und-erfahrene-persoenlichkeiten-in-den-gemeinderat\/\" class=\"more-link\"><span class=\"screen-reader-text\">\u201eEngagierte und erfahrene Pers\u00f6nlichkeiten in den Gemeinderat\u201c <\/span>weiterlesen<\/a><\/p>\n","protected":false},"author":1,"featured_media":0,"comment_status":"open","ping_status":"open","sticky":false,"template":"","format":"standard","meta":{"ngg_post_thumbnail":0,"footnotes":""},"categories":[1],"tags":[],"class_list":["post-266","post","type-post","status-publish","format-standard","hentry","category-allgemein"],"_links":{"self":[{"href":"http:\/\/www.arth-online.ch\/cvp\/wp-json\/wp\/v2\/posts\/266","targetHints":{"allow":["GET"]}}],"collection":[{"href":"http:\/\/www.arth-online.ch\/cvp\/wp-json\/wp\/v2\/posts"}],"about":[{"href":"http:\/\/www.arth-online.ch\/cvp\/wp-json\/wp\/v2\/types\/post"}],"author":[{"embeddable":true,"href":"http:\/\/www.arth-online.ch\/cvp\/wp-json\/wp\/v2\/users\/1"}],"replies":[{"embeddable":true,"href":"http:\/\/www.arth-online.ch\/cvp\/wp-json\/wp\/v2\/comments?post=266"}],"version-history":[{"count":0,"href":"http:\/\/www.arth-online.ch\/cvp\/wp-json\/wp\/v2\/posts\/266\/revisions"}],"wp:attachment":[{"href":"http:\/\/www.arth-online.ch\/cvp\/wp-json\/wp\/v2\/media?parent=266"}],"wp:term":[{"taxonomy":"category","embeddable":true,"href":"http:\/\/www.arth-online.ch\/cvp\/wp-json\/wp\/v2\/categories?post=266"},{"taxonomy":"post_tag","embeddable":true,"href":"http:\/\/www.arth-online.ch\/cvp\/wp-json\/wp\/v2\/tags?post=266"}],"curies":[{"name":"wp","href":"https:\/\/api.w.org\/{rel}","templated":true}]}}