{"id":241,"date":"2012-05-02T15:36:50","date_gmt":"2012-05-02T13:36:50","guid":{"rendered":"http:\/\/cvp.arth-online.ch\/?p=241"},"modified":"2012-05-02T15:36:50","modified_gmt":"2012-05-02T13:36:50","slug":"cvp-kandidaten-hervorragend-gewaehlt-2","status":"publish","type":"post","link":"http:\/\/www.arth-online.ch\/cvp\/cvp-kandidaten-hervorragend-gewaehlt-2\/","title":{"rendered":"CVP-Kandidaten hervorragend gew\u00e4hlt"},"content":{"rendered":"<p>Anl\u00e4sslich der Gemeindewahlen vom 29. April 2012 wurden alle sechs Kandidaten der CVP Arth-Oberarth-Goldau mit hervorragenden Resulta-ten in die \u00c4mter gew\u00e4hlt. Die CVP dankt f\u00fcr die breite Unterst\u00fctzung.<\/p>\n<p>Mit Freude konnte die CVP am vergangenen Sonntagabend die ausgezeichnete Wahl aller CVP-Kandidaten zur Kenntnis nehmen. Und zwar mit den besten Resultaten. Von den insgesamt 1918 g\u00fcltig an den Wahlen teilnehmenden B\u00fcrgern haben deren 1\u2018346 Peter Probst zum Gemeindepr\u00e4sidenten und deren 1\u2018397 Franz Huser zum Gemeindeschreiber gew\u00e4hlt. Bei den Gemeinder\u00e4ten erhielt die CVP-Kandidatin Monika Weber 1\u2018346 Stimmen und CVP-Kandidat Ruedi Beeler 1\u2018202 Stimmen. Sie haben damit die Konkurrenten bei weitem \u00fcber-troffen. Bei den Rechnungspr\u00fcfern haben die neuen CVP-Kandidaten Roland Betschart und Urban Baumann mit 1\u2018240 bzw. 1\u2018233 Stimmen ebenfalls die Spitzenresultate erreicht.<\/p>\n<p>Zum Gl\u00fcck liessen sich die W\u00e4hlerinnen und W\u00e4hler der Gemeinde Arth durch umfangreiche Inserate und durch Plakate nicht blenden. Sie haben auf Qualit\u00e4t, Kompetenz und Einsatz gesetzt und mit grosser Mehrheit die CVP-Kandidaten gew\u00e4hlt. Mit Genugtuung kann festgestellt werden, dass die W\u00e4hlerinnen und W\u00e4hler bei den Gemeindebeh\u00f6rden schon etwas genauer hinschauen. Es ist ihnen offensichtlich nicht gleich, mit wem sie es in Zukunft zu tun haben.<\/p>\n<p>Die CVP dankt im Namen der gew\u00e4hlten CVP-Kandidaten allen W\u00e4hlerinnen und W\u00e4hlern f\u00fcr die breite Unterst\u00fctzung und f\u00fcr das Vertrauen.<\/p>\n<div class=\"wc-shortcodes-row wc-shortcodes-item wc-shortcodes-clearfix\">\n<div class=\"wc-shortcodes-column wc-shortcodes-content wc-shortcodes-one-third wc-shortcodes-column-first \">\n<strong>Gemeindepr\u00e4sident<\/strong><br \/>\n<img loading=\"lazy\" decoding=\"async\" src=\"http:\/\/www.arth-online.ch\/cvp\/wp-content\/uploads\/sites\/6\/2016\/11\/probst_peter_2012-200.jpg\" alt=\"probst_peter_2012-200\" width=\"200\" height=\"280\" class=\"alignnone size-full wp-image-177\" \/><br \/>\n<strong>Peter Probst<\/strong><br \/>\nSunnmatt 4a, Goldau\n<\/div>\n<div class=\"wc-shortcodes-column wc-shortcodes-content wc-shortcodes-one-third wc-shortcodes-column- \">\n<strong>Gemeinderat<\/strong><br \/>\n<img loading=\"lazy\" decoding=\"async\" src=\"http:\/\/www.arth-online.ch\/cvp\/wp-content\/uploads\/sites\/6\/2012\/05\/beeler_ruedi_2012-200.jpg\" alt=\"beeler_ruedi_2012-200\" width=\"200\" height=\"280\" class=\"alignnone size-full wp-image-249\" \/><br \/>\n<strong>Ruedi Beeler<\/strong><br \/>\nAeschi, Goldau\n<\/div>\n<div class=\"wc-shortcodes-column wc-shortcodes-content wc-shortcodes-one-third wc-shortcodes-column-last \">\n<strong>Gemeinder\u00e4tin<\/strong><br \/>\n<img loading=\"lazy\" decoding=\"async\" src=\"http:\/\/www.arth-online.ch\/cvp\/wp-content\/uploads\/sites\/6\/2012\/05\/weber_monika_2012-200.jpg\" alt=\"weber_monika_2012-200\" width=\"200\" height=\"280\" class=\"alignnone size-full wp-image-248\" \/><br \/>\n<strong>Monika Weber<\/strong><br \/>\nZugerstrasse 85, Arth\n<\/div>\n<\/div>\n<div class=\"wc-shortcodes-row wc-shortcodes-item wc-shortcodes-clearfix\">\n<div class=\"wc-shortcodes-column wc-shortcodes-content wc-shortcodes-one-third wc-shortcodes-column-first \">\n<strong>Gemeindeschreiber<\/strong><br \/>\n<img loading=\"lazy\" decoding=\"async\" src=\"http:\/\/www.arth-online.ch\/cvp\/wp-content\/uploads\/sites\/6\/2012\/05\/huser_franz_2012-200.jpg\" alt=\"huser_franz_2012-200\" width=\"200\" height=\"280\" class=\"alignnone size-full wp-image-247\" \/><br \/>\n<strong>Franz Huser<\/strong><br \/>\nZaystrasse 29, Goldau\n<\/div>\n<div class=\"wc-shortcodes-column wc-shortcodes-content wc-shortcodes-one-third wc-shortcodes-column- \">\n<strong>Rechnungspr\u00fcfer<\/strong><br \/>\n<img loading=\"lazy\" decoding=\"async\" src=\"http:\/\/www.arth-online.ch\/cvp\/wp-content\/uploads\/sites\/6\/2016\/11\/betschart_roland_2012-200.jpg\" alt=\"betschart_roland_2012-200\" width=\"200\" height=\"280\" class=\"alignnone size-full wp-image-174\" \/><br \/>\n<strong>Roland Betschart<\/strong><br \/>\nEichrainweg 5b, Goldau\n<\/div>\n<div class=\"wc-shortcodes-column wc-shortcodes-content wc-shortcodes-one-third wc-shortcodes-column-last \">\n<strong>Rechnungspr\u00fcfer<\/strong><br \/>\n<img loading=\"lazy\" decoding=\"async\" src=\"http:\/\/www.arth-online.ch\/cvp\/wp-content\/uploads\/sites\/6\/2012\/05\/baumann_urban_2012-200.jpg\" alt=\"baumann_urban_2012-200\" width=\"200\" height=\"280\" class=\"alignnone size-full wp-image-246\" \/><br \/>\n<strong>Urban Baumann<\/strong><br \/>\nBurgweg 2, Goldau\n<\/div>\n<\/div>\n<p>Alle sechs frisch gew\u00e4hlten Amtstr\u00e4ger der CVP werden sich mit voller Kraft f\u00fcr die Mitb\u00fcrgerinnen und Mitb\u00fcrger einsetzen und versuchen, eine ausgezeichnete Beh\u00f6rdenarbeit zu leisten.<\/p>\n<p>Die CVP gratuliert auch allen gew\u00e4hlten Kandidaten der anderen Parteien und w\u00fcnscht ihnen viel Freude im Amt.<\/p>\n","protected":false},"excerpt":{"rendered":"<p>Anl\u00e4sslich der Gemeindewahlen vom 29. April 2012 wurden alle sechs Kandidaten der CVP Arth-Oberarth-Goldau mit hervorragenden Resulta-ten in die \u00c4mter gew\u00e4hlt. Die CVP dankt f\u00fcr die breite Unterst\u00fctzung. Mit Freude konnte die CVP am vergangenen Sonntagabend die ausgezeichnete Wahl aller CVP-Kandidaten zur Kenntnis nehmen. Und zwar mit den besten Resultaten. Von den insgesamt 1918 g\u00fcltig &hellip; <a href=\"http:\/\/www.arth-online.ch\/cvp\/cvp-kandidaten-hervorragend-gewaehlt-2\/\" class=\"more-link\"><span class=\"screen-reader-text\">\u201eCVP-Kandidaten hervorragend gew\u00e4hlt\u201c <\/span>weiterlesen<\/a><\/p>\n","protected":false},"author":1,"featured_media":0,"comment_status":"open","ping_status":"open","sticky":false,"template":"","format":"standard","meta":{"ngg_post_thumbnail":0,"footnotes":""},"categories":[1],"tags":[],"class_list":["post-241","post","type-post","status-publish","format-standard","hentry","category-allgemein"],"_links":{"self":[{"href":"http:\/\/www.arth-online.ch\/cvp\/wp-json\/wp\/v2\/posts\/241","targetHints":{"allow":["GET"]}}],"collection":[{"href":"http:\/\/www.arth-online.ch\/cvp\/wp-json\/wp\/v2\/posts"}],"about":[{"href":"http:\/\/www.arth-online.ch\/cvp\/wp-json\/wp\/v2\/types\/post"}],"author":[{"embeddable":true,"href":"http:\/\/www.arth-online.ch\/cvp\/wp-json\/wp\/v2\/users\/1"}],"replies":[{"embeddable":true,"href":"http:\/\/www.arth-online.ch\/cvp\/wp-json\/wp\/v2\/comments?post=241"}],"version-history":[{"count":0,"href":"http:\/\/www.arth-online.ch\/cvp\/wp-json\/wp\/v2\/posts\/241\/revisions"}],"wp:attachment":[{"href":"http:\/\/www.arth-online.ch\/cvp\/wp-json\/wp\/v2\/media?parent=241"}],"wp:term":[{"taxonomy":"category","embeddable":true,"href":"http:\/\/www.arth-online.ch\/cvp\/wp-json\/wp\/v2\/categories?post=241"},{"taxonomy":"post_tag","embeddable":true,"href":"http:\/\/www.arth-online.ch\/cvp\/wp-json\/wp\/v2\/tags?post=241"}],"curies":[{"name":"wp","href":"https:\/\/api.w.org\/{rel}","templated":true}]}}